{"id":257,"date":"2009-08-04T11:08:51","date_gmt":"2009-08-04T11:08:51","guid":{"rendered":"http:\/\/gaamcarpi.wordpress.com\/?p=257"},"modified":"2023-03-07T18:23:08","modified_gmt":"2023-03-07T17:23:08","slug":"non-ho-abbastanza-latte","status":"publish","type":"post","link":"https:\/\/www.allattamentomaterno.org\/wp\/non-ho-abbastanza-latte\/","title":{"rendered":"Non ho abbastanza latte&#8230;"},"content":{"rendered":"<p><a href=\"http:\/\/gaamcarpi.files.wordpress.com\/2009\/08\/cry-baby1.jpg\"><img loading=\"lazy\" decoding=\"async\" class=\"alignleft size-full wp-image-259\" title=\"cry-baby1\" src=\"http:\/\/gaamcarpi.files.wordpress.com\/2009\/08\/cry-baby1.jpg\" alt=\"cry-baby1\" width=\"189\" height=\"283\" srcset=\"https:\/\/www.allattamentomaterno.org\/wp\/wp-content\/uploads\/2009\/08\/cry-baby1.jpg 210w, https:\/\/www.allattamentomaterno.org\/wp\/wp-content\/uploads\/2009\/08\/cry-baby1-200x300.jpg 200w\" sizes=\"(max-width: 189px) 100vw, 189px\" \/><\/a>In una cultura che favorisce l&#8217;allattamento molto pi\u00f9 a parole che a fatti, una delle principali cause di abbandono precoce dell&#8217;allattamento al seno \u00e8 la &#8220;<strong>mancanza\/insufficienza di latte<\/strong>&#8220;, vera o presunta tale.<\/p>\n<p><strong>Sara Cosano, <em>peer counsellor<\/em> del Melograno di Treviso<\/strong>, ha analizzato con molta chiarezza cosa succede quando sembra esserci poco latte, aiutando le mamme a capire: \u00e8 vero che la produzione non \u00e8 sufficiente ai bisogni del mio bambino? In che modo \u00e8 possibile produrre pi\u00f9 latte? Quando \u00e8 necessario dare un&#8217;aggiunta di latte artificiale?<\/p>\n<p>Gli articoli sono disponibili sul portale <a href=\"http:\/\/www.bambinonaturale.it\" target=\"_blank\" rel=\"noopener\">Bambino Naturale<\/a>:<\/p>\n<p style=\"text-align:right;\">&#8211; <strong><a href=\"http:\/\/www.bambinonaturale.it\/detail.asp?IDN=30258\" target=\"_blank\" rel=\"noopener\">Aiuto, ho poco latte!<br \/>\n<\/a><\/strong><\/p>\n<p style=\"text-align:right;\">&#8211; <strong><a href=\"http:\/\/www.bambinonaturale.it\/detail.asp?IDN=30279\" target=\"_blank\" rel=\"noopener\">Quando c&#8217;\u00e8 davvero poco latte: ecco cosa fare<br \/>\n<\/a><\/strong><\/p>\n","protected":false},"excerpt":{"rendered":"<p>In una cultura che favorisce l&#8217;allattamento molto pi\u00f9 a parole che a fatti, una delle principali cause di abbandono precoce dell&#8217;allattamento al seno \u00e8 la &#8220;mancanza\/insufficienza di latte&#8220;, vera o presunta tale. Sara Cosano, peer counsellor del Melograno di Treviso, ha analizzato con molta chiarezza cosa succede quando sembra esserci poco latte, aiutando le mamme [&hellip;]<\/p>\n","protected":false},"author":1,"featured_media":0,"comment_status":"closed","ping_status":"open","sticky":false,"template":"","format":"standard","meta":{"jetpack_post_was_ever_published":false,"_jetpack_newsletter_access":"","_jetpack_dont_email_post_to_subs":false,"_jetpack_newsletter_tier_id":0,"_jetpack_memberships_contains_paywalled_content":false,"_jetpack_memberships_contains_paid_content":false,"footnotes":"","jetpack_publicize_message":"","jetpack_publicize_feature_enabled":true,"jetpack_social_post_already_shared":false,"jetpack_social_options":{"image_generator_settings":{"template":"highway","enabled":false},"version":2}},"categories":[2,15],"tags":[106,134],"class_list":["post-257","post","type-post","status-publish","format-standard","hentry","category-allattamento-al-seno","category-materiali-informativi","tag-latte-artificiale","tag-poco-latte"],"jetpack_publicize_connections":[],"jetpack_featured_media_url":"","jetpack_sharing_enabled":true,"jetpack_shortlink":"https:\/\/wp.me\/p4vQ8c-49","_links":{"self":[{"href":"https:\/\/www.allattamentomaterno.org\/wp\/wp-json\/wp\/v2\/posts\/257"}],"collection":[{"href":"https:\/\/www.allattamentomaterno.org\/wp\/wp-json\/wp\/v2\/posts"}],"about":[{"href":"https:\/\/www.allattamentomaterno.org\/wp\/wp-json\/wp\/v2\/types\/post"}],"author":[{"embeddable":true,"href":"https:\/\/www.allattamentomaterno.org\/wp\/wp-json\/wp\/v2\/users\/1"}],"replies":[{"embeddable":true,"href":"https:\/\/www.allattamentomaterno.org\/wp\/wp-json\/wp\/v2\/comments?post=257"}],"version-history":[{"count":1,"href":"https:\/\/www.allattamentomaterno.org\/wp\/wp-json\/wp\/v2\/posts\/257\/revisions"}],"predecessor-version":[{"id":4479,"href":"https:\/\/www.allattamentomaterno.org\/wp\/wp-json\/wp\/v2\/posts\/257\/revisions\/4479"}],"wp:attachment":[{"href":"https:\/\/www.allattamentomaterno.org\/wp\/wp-json\/wp\/v2\/media?parent=257"}],"wp:term":[{"taxonomy":"category","embeddable":true,"href":"https:\/\/www.allattamentomaterno.org\/wp\/wp-json\/wp\/v2\/categories?post=257"},{"taxonomy":"post_tag","embeddable":true,"href":"https:\/\/www.allattamentomaterno.org\/wp\/wp-json\/wp\/v2\/tags?post=257"}],"curies":[{"name":"wp","href":"https:\/\/api.w.org\/{rel}","templated":true}]}}