{"id":382,"date":"2010-01-15T23:31:44","date_gmt":"2010-01-15T23:31:44","guid":{"rendered":"http:\/\/gaamcarpi.wordpress.com\/?p=382"},"modified":"2023-03-07T18:21:14","modified_gmt":"2023-03-07T17:21:14","slug":"quando-la-perdita-si-intreccia-con-la-nascita","status":"publish","type":"post","link":"https:\/\/www.allattamentomaterno.org\/wp\/quando-la-perdita-si-intreccia-con-la-nascita\/","title":{"rendered":"&#8220;Quando la perdita si intreccia con la nascita&#8221;"},"content":{"rendered":"<p>Si terr\u00e0 a Modena nei prossimi giorni, il 18 e 19 gennaio, un corso di formazione per operatori dal titolo<\/p>\n<p><strong>&#8220;QUANDO LA PERDITA SI INTRECCIA CON LA NASCITA. Corso di formazione su sostegno e presa in carico degli esiti sfavorevoli in gravidanza&#8221;.<br \/>\n<\/strong>(<a href=\"http:\/\/gaamcarpi.files.wordpress.com\/2010\/01\/locandina_gen.pdf\" target=\"_blank\" rel=\"noopener\">Il programma completo \u00e8 scaricabile qui<\/a>)<strong><br \/>\n<\/strong><\/p>\n<p><a href=\"http:\/\/gaamcarpi.files.wordpress.com\/2010\/01\/peaceful_baby_angel_by_sweetnshykristyn.jpg\"><img loading=\"lazy\" decoding=\"async\" class=\"alignright size-full wp-image-384\" title=\"Peaceful_Baby_Angel_by_SweetnShyKristyn\" src=\"http:\/\/gaamcarpi.files.wordpress.com\/2010\/01\/peaceful_baby_angel_by_sweetnshykristyn.jpg\" alt=\"\" width=\"277\" height=\"233\" \/><\/a>La perdita di un bambino in gravidanza \u00e8 un evento che lascia tracce molto profonde, ma che spesso non si condivide: la percezione \u00e8 che nessuno possa comprendere un dolore cos\u00ec grande e intimo. Eppure \u00e8 pi\u00f9 diffuso di quanto si pensi; tante mamme che frequentano i nostri incontri hanno vissuto questa esperienza.<\/p>\n<p>Siamo liete, dunque, che l&#8217;ASL modenese abbia organizzato questo corso per operatori sanitari.<\/p>\n","protected":false},"excerpt":{"rendered":"<p>Si terr\u00e0 a Modena nei prossimi giorni, il 18 e 19 gennaio, un corso di formazione per operatori dal titolo &#8220;QUANDO LA PERDITA SI INTRECCIA CON LA NASCITA. Corso di formazione su sostegno e presa in carico degli esiti sfavorevoli in gravidanza&#8221;. (Il programma completo \u00e8 scaricabile qui) La perdita di un bambino in gravidanza [&hellip;]<\/p>\n","protected":false},"author":1,"featured_media":0,"comment_status":"closed","ping_status":"open","sticky":false,"template":"","format":"standard","meta":{"jetpack_post_was_ever_published":false,"_jetpack_newsletter_access":"","_jetpack_dont_email_post_to_subs":false,"_jetpack_newsletter_tier_id":0,"_jetpack_memberships_contains_paywalled_content":false,"_jetpack_memberships_contains_paid_content":false,"footnotes":"","jetpack_publicize_message":"","jetpack_publicize_feature_enabled":true,"jetpack_social_post_already_shared":false,"jetpack_social_options":{"image_generator_settings":{"template":"highway","enabled":false},"version":2}},"categories":[6],"tags":[131],"class_list":["post-382","post","type-post","status-publish","format-standard","hentry","category-corsi-di-formazione","tag-perdere-un-bambino"],"jetpack_publicize_connections":[],"jetpack_featured_media_url":"","jetpack_sharing_enabled":true,"jetpack_shortlink":"https:\/\/wp.me\/p4vQ8c-6a","_links":{"self":[{"href":"https:\/\/www.allattamentomaterno.org\/wp\/wp-json\/wp\/v2\/posts\/382"}],"collection":[{"href":"https:\/\/www.allattamentomaterno.org\/wp\/wp-json\/wp\/v2\/posts"}],"about":[{"href":"https:\/\/www.allattamentomaterno.org\/wp\/wp-json\/wp\/v2\/types\/post"}],"author":[{"embeddable":true,"href":"https:\/\/www.allattamentomaterno.org\/wp\/wp-json\/wp\/v2\/users\/1"}],"replies":[{"embeddable":true,"href":"https:\/\/www.allattamentomaterno.org\/wp\/wp-json\/wp\/v2\/comments?post=382"}],"version-history":[{"count":1,"href":"https:\/\/www.allattamentomaterno.org\/wp\/wp-json\/wp\/v2\/posts\/382\/revisions"}],"predecessor-version":[{"id":4465,"href":"https:\/\/www.allattamentomaterno.org\/wp\/wp-json\/wp\/v2\/posts\/382\/revisions\/4465"}],"wp:attachment":[{"href":"https:\/\/www.allattamentomaterno.org\/wp\/wp-json\/wp\/v2\/media?parent=382"}],"wp:term":[{"taxonomy":"category","embeddable":true,"href":"https:\/\/www.allattamentomaterno.org\/wp\/wp-json\/wp\/v2\/categories?post=382"},{"taxonomy":"post_tag","embeddable":true,"href":"https:\/\/www.allattamentomaterno.org\/wp\/wp-json\/wp\/v2\/tags?post=382"}],"curies":[{"name":"wp","href":"https:\/\/api.w.org\/{rel}","templated":true}]}}